{"id":1159,"date":"2024-04-17T08:21:19","date_gmt":"2024-04-17T06:21:19","guid":{"rendered":"http:\/\/biblioteka.panschelm.edu.pl\/?p=1159"},"modified":"2024-04-17T08:21:52","modified_gmt":"2024-04-17T06:21:52","slug":"wystawa-rysunku-i-akwareli-beaty-ciastek-w-bibliotece-pans-w-chelmie","status":"publish","type":"post","link":"https:\/\/biblioteka.panschelm.edu.pl\/?p=1159","title":{"rendered":"Wystawa rysunku i akwareli Beaty Ciastek w Bibliotece PANS w Che\u0142mie"},"content":{"rendered":"<p>Biblioteka Pa\u0144stwowej Akademii Nauk Stosowanych w Che\u0142mie\u00a0 zaprasza na wystaw\u0119 \u201ew akwareli i w szaro\u015bci\u201d Beaty Ciastek. Prace mo\u017cna ogl\u0105da\u0107 od 16 kwietnia 2024 r. do 20 maja 2024 r. w siedzibie biblioteki, przy ulicy Pocztowej 54, w godzinach jej otwarcia. Serdecznie zapraszamy!<\/p>\n<p>Beata Ciastek jest rodowit\u0105 kra\u015bniczank\u0105. Uko\u0144czy\u0142a Wydzia\u0142 Artystyczny UMCS, zdobywaj\u0105c dyplom z grafiki warsztatowej (linoryt) w 1997 roku pod kierunkiem prof. Maksymiliana Snocha. Nast\u0119pnie odby\u0142a studia podyplomowe z zakresu wiedzy o kulturze na Wydziale Humanistycznym UMCS oraz edukacji technicznej z wykorzystaniem narz\u0119dzi informatycznych na Wy\u017cszej Szkole Informatyki i Zarz\u0105dzania w Rzeszowie.<!--more--><\/p>\n<p>Jest cz\u0142onkiem Kra\u015bnickiego Towarzystwa Edukacyjnego oraz lubelskiej grupy plastyk\u00f3w \u201eTWORZYWO 96\u201d<strong>.<\/strong> Zajmuje si\u0119 rysunkiem, technikami mieszanymi oraz malarstwem (g\u0142\u00f3wnie akwarelowym, ale tak\u017ce olejnym i akrylowym).<\/p>\n<p>Od kilkunastu lat bierze udzia\u0142\u00a0 w wystawach zbiorowych grupy \u201eTWORZYWO 96\u201d: Lublin (Galeria 31, Galeria TPSP \u201ePrzy bramie\u201d, Filharmonia Lubelska, Centrum Kultury i Sztuki Chi\u0144skiej HE SHUIFA UMCS, Galeria Wydzia\u0142u Artystycznego UMCS), Lubart\u00f3w (Galeria PMDK),\u00a0 Na\u0142\u0119cz\u00f3w (Galeria Andriollego NOK), Kazimierz Dolny (Galeria Leonardo). Uczestniczy r\u00f3wnie\u017c w \u00a0Og\u00f3lnopolskich plenerach malarskich.<img loading=\"lazy\" decoding=\"async\" class=\"aligncenter size-large wp-image-1158\" src=\"http:\/\/biblioteka.panschelm.edu.pl\/wp-content\/uploads\/2024\/04\/wystawa-B-Ciastek-plakat-m-1024x724.jpg\" alt=\"\" width=\"767\" height=\"542\" srcset=\"https:\/\/biblioteka.panschelm.edu.pl\/wp-content\/uploads\/2024\/04\/wystawa-B-Ciastek-plakat-m-1024x724.jpg 1024w, https:\/\/biblioteka.panschelm.edu.pl\/wp-content\/uploads\/2024\/04\/wystawa-B-Ciastek-plakat-m-300x212.jpg 300w, https:\/\/biblioteka.panschelm.edu.pl\/wp-content\/uploads\/2024\/04\/wystawa-B-Ciastek-plakat-m-768x543.jpg 768w, https:\/\/biblioteka.panschelm.edu.pl\/wp-content\/uploads\/2024\/04\/wystawa-B-Ciastek-plakat-m.jpg 1200w\" sizes=\"auto, (max-width: 767px) 100vw, 767px\" \/> <img loading=\"lazy\" decoding=\"async\" class=\"aligncenter size-large wp-image-1157\" src=\"http:\/\/biblioteka.panschelm.edu.pl\/wp-content\/uploads\/2024\/04\/B.-Ciastek-774x1024.jpg\" alt=\"\" width=\"767\" height=\"1015\" srcset=\"https:\/\/biblioteka.panschelm.edu.pl\/wp-content\/uploads\/2024\/04\/B.-Ciastek-774x1024.jpg 774w, https:\/\/biblioteka.panschelm.edu.pl\/wp-content\/uploads\/2024\/04\/B.-Ciastek-227x300.jpg 227w, https:\/\/biblioteka.panschelm.edu.pl\/wp-content\/uploads\/2024\/04\/B.-Ciastek-768x1016.jpg 768w, https:\/\/biblioteka.panschelm.edu.pl\/wp-content\/uploads\/2024\/04\/B.-Ciastek.jpg 1092w\" sizes=\"auto, (max-width: 767px) 100vw, 767px\" \/><\/p>\n","protected":false},"excerpt":{"rendered":"<p>Biblioteka Pa\u0144stwowej Akademii Nauk Stosowanych w Che\u0142mie\u00a0 zaprasza na wystaw\u0119 \u201ew akwareli i w szaro\u015bci\u201d Beaty Ciastek. Prace mo\u017cna ogl\u0105da\u0107 od 16 kwietnia 2024 r. do 20 maja 2024 r. w siedzibie biblioteki, przy ulicy Pocztowej 54, w godzinach jej otwarcia. Serdecznie zapraszamy! Beata Ciastek jest rodowit\u0105 kra\u015bniczank\u0105. Uko\u0144czy\u0142a Wydzia\u0142 Artystyczny UMCS, zdobywaj\u0105c dyplom z [&hellip;]<\/p>\n","protected":false},"author":1,"featured_media":1158,"comment_status":"closed","ping_status":"closed","sticky":false,"template":"","format":"standard","meta":{"footnotes":""},"categories":[2],"tags":[],"class_list":["post-1159","post","type-post","status-publish","format-standard","has-post-thumbnail","hentry","category-news"],"_links":{"self":[{"href":"https:\/\/biblioteka.panschelm.edu.pl\/index.php?rest_route=\/wp\/v2\/posts\/1159","targetHints":{"allow":["GET"]}}],"collection":[{"href":"https:\/\/biblioteka.panschelm.edu.pl\/index.php?rest_route=\/wp\/v2\/posts"}],"about":[{"href":"https:\/\/biblioteka.panschelm.edu.pl\/index.php?rest_route=\/wp\/v2\/types\/post"}],"author":[{"embeddable":true,"href":"https:\/\/biblioteka.panschelm.edu.pl\/index.php?rest_route=\/wp\/v2\/users\/1"}],"replies":[{"embeddable":true,"href":"https:\/\/biblioteka.panschelm.edu.pl\/index.php?rest_route=%2Fwp%2Fv2%2Fcomments&post=1159"}],"version-history":[{"count":2,"href":"https:\/\/biblioteka.panschelm.edu.pl\/index.php?rest_route=\/wp\/v2\/posts\/1159\/revisions"}],"predecessor-version":[{"id":1161,"href":"https:\/\/biblioteka.panschelm.edu.pl\/index.php?rest_route=\/wp\/v2\/posts\/1159\/revisions\/1161"}],"wp:featuredmedia":[{"embeddable":true,"href":"https:\/\/biblioteka.panschelm.edu.pl\/index.php?rest_route=\/wp\/v2\/media\/1158"}],"wp:attachment":[{"href":"https:\/\/biblioteka.panschelm.edu.pl\/index.php?rest_route=%2Fwp%2Fv2%2Fmedia&parent=1159"}],"wp:term":[{"taxonomy":"category","embeddable":true,"href":"https:\/\/biblioteka.panschelm.edu.pl\/index.php?rest_route=%2Fwp%2Fv2%2Fcategories&post=1159"},{"taxonomy":"post_tag","embeddable":true,"href":"https:\/\/biblioteka.panschelm.edu.pl\/index.php?rest_route=%2Fwp%2Fv2%2Ftags&post=1159"}],"curies":[{"name":"wp","href":"https:\/\/api.w.org\/{rel}","templated":true}]}}