{"id":1205,"date":"2025-03-04T10:38:04","date_gmt":"2025-03-04T09:38:04","guid":{"rendered":"https:\/\/biblioteka.panschelm.edu.pl\/?p=1205"},"modified":"2025-03-04T10:39:37","modified_gmt":"2025-03-04T09:39:37","slug":"niespodzianka-na-tydzien-ksiazki-elektronicznej","status":"publish","type":"post","link":"https:\/\/biblioteka.panschelm.edu.pl\/?p=1205","title":{"rendered":"Niespodzianka na Tydzie\u0144 Ksi\u0105\u017cki Elektronicznej"},"content":{"rendered":"<p>Z okazji Tygodnia Ksi\u0105\u017cki Elektronicznej firma IBUK Libra przygotowa\u0142a dla swoich czytelnik\u00f3w wiosenn\u0105 niespodziank\u0119, a mianowicie udost\u0119pnia bezp\u0142atnie dodatkowy pakiet ksi\u0105\u017cek z poni\u017cszych kategorii:<\/p>\n<ul>\n<li>literatura dla doros\u0142ych,<\/li>\n<li>literatura dla dzieci i m\u0142odzie\u017cy,<\/li>\n<li>literatura faktu,<\/li>\n<li>fantastyka,<\/li>\n<li>literatura kobieca,<\/li>\n<li>literatura pi\u0119kna.<\/li>\n<\/ul>\n<p>To w sumie 2500 tytu\u0142\u00f3w od r\u00f3\u017cnych wydawc\u00f3w. W\u015br\u00f3d autor\u00f3w m.in.: Max Czornyj, Marta \u017bmuda Trzebiatowska, Katarzyna Olubi\u0144ska, Joanna Jax, Agnieszka Krawczyk, Krystian Gadomski, Marcin Mortka, Bohdan Petecki, Tom Hanks, Maria Rodziewicz\u00f3wna, Dorota Szel\u0105gowska, Remigiusz Mr\u00f3z.<\/p>\n<p><strong>Oferta czytelnicza obwi\u0105zuje do 31 marca 2025 r.<\/strong><\/p>\n<p>Studentki, student\u00f3w oraz pracownik\u00f3w, kt\u00f3rzy nie posiadaj\u0105 jeszcze dost\u0119pu do platformy cyfrowej IBUK Libra, zapraszamy po kody PIN do Biblioteki PANS w Che\u0142mie osobi\u015bcie lub za po\u015brednictwem poczty elektronicznej <a href=\"mailto:biblioteka@panschelm.edu.pl\">biblioteka@panschelm.edu.pl<\/a><\/p>\n<p>Link do IBUK Libra: <a href=\"https:\/\/libra.ibuk.pl\/ksiazki-w-moich-bibliotekach\">https:\/\/libra.ibuk.pl\/ksiazki-w-moich-bibliotekach<\/a><\/p>\n<p><img loading=\"lazy\" decoding=\"async\" class=\"aligncenter wp-image-1204 size-full\" src=\"http:\/\/biblioteka.panschelm.edu.pl\/wp-content\/uploads\/2025\/03\/tydzien_e_ksiazki-plakat.png\" alt=\"Plakat z ksi\u0105\u017ckami dost\u0119pnymi w ramach akcji &quot;moc literatury w ibuku librze&quot;\" width=\"1000\" height=\"1000\" srcset=\"https:\/\/biblioteka.panschelm.edu.pl\/wp-content\/uploads\/2025\/03\/tydzien_e_ksiazki-plakat.png 1000w, https:\/\/biblioteka.panschelm.edu.pl\/wp-content\/uploads\/2025\/03\/tydzien_e_ksiazki-plakat-300x300.png 300w, https:\/\/biblioteka.panschelm.edu.pl\/wp-content\/uploads\/2025\/03\/tydzien_e_ksiazki-plakat-150x150.png 150w, https:\/\/biblioteka.panschelm.edu.pl\/wp-content\/uploads\/2025\/03\/tydzien_e_ksiazki-plakat-768x768.png 768w\" sizes=\"auto, (max-width: 1000px) 100vw, 1000px\" \/><\/p>\n","protected":false},"excerpt":{"rendered":"<p>Z okazji Tygodnia Ksi\u0105\u017cki Elektronicznej firma IBUK Libra przygotowa\u0142a dla swoich czytelnik\u00f3w wiosenn\u0105 niespodziank\u0119, a mianowicie udost\u0119pnia bezp\u0142atnie dodatkowy pakiet ksi\u0105\u017cek z poni\u017cszych kategorii: literatura dla doros\u0142ych, literatura dla dzieci i m\u0142odzie\u017cy, literatura faktu, fantastyka, literatura kobieca, literatura pi\u0119kna. To w sumie 2500 tytu\u0142\u00f3w od r\u00f3\u017cnych wydawc\u00f3w. W\u015br\u00f3d autor\u00f3w m.in.: Max Czornyj, Marta \u017bmuda Trzebiatowska, [&hellip;]<\/p>\n","protected":false},"author":1,"featured_media":1207,"comment_status":"closed","ping_status":"closed","sticky":false,"template":"","format":"standard","meta":{"footnotes":""},"categories":[2],"tags":[],"class_list":["post-1205","post","type-post","status-publish","format-standard","has-post-thumbnail","hentry","category-news"],"_links":{"self":[{"href":"https:\/\/biblioteka.panschelm.edu.pl\/index.php?rest_route=\/wp\/v2\/posts\/1205","targetHints":{"allow":["GET"]}}],"collection":[{"href":"https:\/\/biblioteka.panschelm.edu.pl\/index.php?rest_route=\/wp\/v2\/posts"}],"about":[{"href":"https:\/\/biblioteka.panschelm.edu.pl\/index.php?rest_route=\/wp\/v2\/types\/post"}],"author":[{"embeddable":true,"href":"https:\/\/biblioteka.panschelm.edu.pl\/index.php?rest_route=\/wp\/v2\/users\/1"}],"replies":[{"embeddable":true,"href":"https:\/\/biblioteka.panschelm.edu.pl\/index.php?rest_route=%2Fwp%2Fv2%2Fcomments&post=1205"}],"version-history":[{"count":1,"href":"https:\/\/biblioteka.panschelm.edu.pl\/index.php?rest_route=\/wp\/v2\/posts\/1205\/revisions"}],"predecessor-version":[{"id":1206,"href":"https:\/\/biblioteka.panschelm.edu.pl\/index.php?rest_route=\/wp\/v2\/posts\/1205\/revisions\/1206"}],"wp:featuredmedia":[{"embeddable":true,"href":"https:\/\/biblioteka.panschelm.edu.pl\/index.php?rest_route=\/wp\/v2\/media\/1207"}],"wp:attachment":[{"href":"https:\/\/biblioteka.panschelm.edu.pl\/index.php?rest_route=%2Fwp%2Fv2%2Fmedia&parent=1205"}],"wp:term":[{"taxonomy":"category","embeddable":true,"href":"https:\/\/biblioteka.panschelm.edu.pl\/index.php?rest_route=%2Fwp%2Fv2%2Fcategories&post=1205"},{"taxonomy":"post_tag","embeddable":true,"href":"https:\/\/biblioteka.panschelm.edu.pl\/index.php?rest_route=%2Fwp%2Fv2%2Ftags&post=1205"}],"curies":[{"name":"wp","href":"https:\/\/api.w.org\/{rel}","templated":true}]}}