{"id":1210,"date":"2025-03-20T14:41:56","date_gmt":"2025-03-20T13:41:56","guid":{"rendered":"https:\/\/biblioteka.panschelm.edu.pl\/?p=1210"},"modified":"2025-03-20T14:42:22","modified_gmt":"2025-03-20T13:42:22","slug":"1210","status":"publish","type":"post","link":"https:\/\/biblioteka.panschelm.edu.pl\/?p=1210","title":{"rendered":"Wystawa \u201eChe\u0142mska Ikona&#8221; w Bibliotece PANS w Che\u0142mie"},"content":{"rendered":"<p>Biblioteka Pa\u0144stwowej Akademii Nauk Stosowanych w Che\u0142mie oraz Che\u0142mskie Centrum Kultury Prawos\u0142awnej zapraszaj\u0105 31 \u00a0marca 2025 r. o godz. 15.30 na otwarcie wystawy \u201eChe\u0142mska Ikona&#8221;, kt\u00f3re odb\u0119dzie si\u0119 w siedzibie Biblioteki PANS w Che\u0142mie przy ul. Pocztowej 54<\/p>\n<p>Od pi\u0119ciu lat, z inicjatywy ks. dra Jaros\u0142awa Szczura, proboszcza Parafii Prokatedralnej \u015bw. Jana Teologa i dyrektora Che\u0142mskiego Centrum Kultury Prawos\u0142awnej, odbywaj\u0105 si\u0119 regularne spotkania os\u00f3b zainteresowanych ikon\u0105 &#8211; zar\u00f3wno w teologicznym i historycznym aspekcie, jak r\u00f3wnie\u017c &#8211; i to przede wszystkim &#8211; aspekcie praktycznym: przygotowaniem podobrazia i kolejnymi etapami powstawania \u015bwi\u0119tego Wizerunku. Do poprowadzenia warsztat\u00f3w ikonograficznych zaproszony zosta\u0142 Wies\u0142aw Trzpis. Nauka tworzenia ikon rozpoczyna si\u0119 od rysowania, a nast\u0119pnie malowania kresek, walorowego zak\u0142adania p\u0142aszczyzn, interakcji poszczeg\u00f3lnych pigment\u00f3w, by w ko\u0144cu mo\u017cna by\u0142o przyst\u0105pi\u0107 do pierwszej ikony: \u015awi\u0119tego Oblicza Zbawiciela, a nast\u0119pnie przedstawie\u0144 Bogurodzicy i \u015bwi\u0119tych. Ostatnie p\u00f3\u0142tora roku zaawansowana cz\u0119\u015b\u0107 uczestnik\u00f3w pracowa\u0142a nad ikonami Matki Boskiej Che\u0142mskiej. Swoje ikony b\u0119d\u0105 prezentowa\u0107 uczestnicy warsztat\u00f3w: Dorota Czerniakiewicz, Ewa Hordejuk, Ewa W\u00f3jtowicz, Beata Walczuk, Wies\u0142aw Trzpis.<\/p>\n<p>Wystaw\u0119 po\u015bwi\u0119cono pami\u0119ci Violetty Olszak, zmar\u0142ej tragicznie w wypadku samochodowym w listopadzie 2023 r. Cz\u0119\u015b\u0107 z rozpocz\u0119tych przez ni\u0105 ikon doko\u0144czono i b\u0119d\u0105 prezentowane na wystawie.<\/p>\n<p>Serdecznie zapraszamy. Wst\u0119p wolny.<\/p>\n","protected":false},"excerpt":{"rendered":"<p>Biblioteka Pa\u0144stwowej Akademii Nauk Stosowanych w Che\u0142mie oraz Che\u0142mskie Centrum Kultury Prawos\u0142awnej zapraszaj\u0105 31 \u00a0marca 2025 r. o godz. 15.30 na otwarcie wystawy \u201eChe\u0142mska Ikona&#8221;, kt\u00f3re odb\u0119dzie si\u0119 w siedzibie Biblioteki PANS w Che\u0142mie przy ul. Pocztowej 54 Od pi\u0119ciu lat, z inicjatywy ks. dra Jaros\u0142awa Szczura, proboszcza Parafii Prokatedralnej \u015bw. Jana Teologa i dyrektora [&hellip;]<\/p>\n","protected":false},"author":1,"featured_media":1209,"comment_status":"closed","ping_status":"closed","sticky":false,"template":"","format":"standard","meta":{"footnotes":""},"categories":[2],"tags":[],"class_list":["post-1210","post","type-post","status-publish","format-standard","has-post-thumbnail","hentry","category-news"],"_links":{"self":[{"href":"https:\/\/biblioteka.panschelm.edu.pl\/index.php?rest_route=\/wp\/v2\/posts\/1210","targetHints":{"allow":["GET"]}}],"collection":[{"href":"https:\/\/biblioteka.panschelm.edu.pl\/index.php?rest_route=\/wp\/v2\/posts"}],"about":[{"href":"https:\/\/biblioteka.panschelm.edu.pl\/index.php?rest_route=\/wp\/v2\/types\/post"}],"author":[{"embeddable":true,"href":"https:\/\/biblioteka.panschelm.edu.pl\/index.php?rest_route=\/wp\/v2\/users\/1"}],"replies":[{"embeddable":true,"href":"https:\/\/biblioteka.panschelm.edu.pl\/index.php?rest_route=%2Fwp%2Fv2%2Fcomments&post=1210"}],"version-history":[{"count":2,"href":"https:\/\/biblioteka.panschelm.edu.pl\/index.php?rest_route=\/wp\/v2\/posts\/1210\/revisions"}],"predecessor-version":[{"id":1212,"href":"https:\/\/biblioteka.panschelm.edu.pl\/index.php?rest_route=\/wp\/v2\/posts\/1210\/revisions\/1212"}],"wp:featuredmedia":[{"embeddable":true,"href":"https:\/\/biblioteka.panschelm.edu.pl\/index.php?rest_route=\/wp\/v2\/media\/1209"}],"wp:attachment":[{"href":"https:\/\/biblioteka.panschelm.edu.pl\/index.php?rest_route=%2Fwp%2Fv2%2Fmedia&parent=1210"}],"wp:term":[{"taxonomy":"category","embeddable":true,"href":"https:\/\/biblioteka.panschelm.edu.pl\/index.php?rest_route=%2Fwp%2Fv2%2Fcategories&post=1210"},{"taxonomy":"post_tag","embeddable":true,"href":"https:\/\/biblioteka.panschelm.edu.pl\/index.php?rest_route=%2Fwp%2Fv2%2Ftags&post=1210"}],"curies":[{"name":"wp","href":"https:\/\/api.w.org\/{rel}","templated":true}]}}