{"id":1322,"date":"2026-03-06T12:54:14","date_gmt":"2026-03-06T11:54:14","guid":{"rendered":"https:\/\/biblioteka.panschelm.edu.pl\/?p=1322"},"modified":"2026-03-06T12:54:14","modified_gmt":"2026-03-06T11:54:14","slug":"wystawa-malarstwa-ewy-krol-w-bibliotece-pans-w-chelmie","status":"publish","type":"post","link":"https:\/\/biblioteka.panschelm.edu.pl\/?p=1322","title":{"rendered":"Wystawa malarstwa Ewy Kr\u00f3l w Bibliotece PANS w Che\u0142mie"},"content":{"rendered":"<p>Biblioteka Pa\u0144stwowej Akademii Nauk Stosowanych w\u00a0Che\u0142mie zaprasza na\u00a0wystaw\u0119 prac malarskich Ewy Kr\u00f3l. Obrazy mo\u017cna obejrze\u0107 w\u00a0siedzibie Biblioteki, przy ulicy Pocztowej 54, w\u00a0dniach od\u00a002.03.2026\u00a0r. do\u00a031.05.2026\u00a0r. w\u00a0godzinach jej otwarcia. Serdecznie zapraszamy!<\/p>\n<p>Ewa Kr\u00f3l rysunkiem interesowa\u0142a si\u0119 od\u00a0zawsze. Po\u00a0maturze zamiast wymarzonej architektury sko\u0144czy\u0142a fizyk\u0119 na\u00a0Uniwersytecie Marii Curie-Sk\u0142odowskiej w Lublinie. Przez\u00a0wiele lat uczy\u0142a fizyki w\u00a0Zespole Szk\u00f3\u0142 Budowlanych w\u00a0Che\u0142mie. Jednak artystyczny bakcyl da\u0142 o\u00a0sobie zna\u0107 i do\u00a0swoich m\u0142odzie\u0144czych pasji plastycznych powr\u00f3ci\u0142a w\u00a02002\u00a0r. pracuj\u0105c pod\u00a0kierunkiem Teresy Chomik-Kazarian. W\u00a0che\u0142mskiej Grupie \u201ePasja\u201d odnalaz\u0142a bratnie dusze oraz artystyczn\u0105 atmosfer\u0119 sprzyjaj\u0105c\u0105 intensywnej pracy. Jest absolwentk\u0105 studi\u00f3w podyplomowych na kierunku Malarstwo na Wydziale Artystycznym UMCS w Lublinie. Tw\u00f3rczo\u015b\u0107 Ewy Kr\u00f3l skupia si\u0119 na naturze, kt\u00f3r\u0105 artystka interpretuje poprzez nastrojowe pejza\u017ce oraz bogate kolorystycznie martwe natury. W jej obrazach dominuje wra\u017cliwo\u015b\u0107 na \u015bwiat\u0142o, co nadaje kompozycjom subtelny, niemal poetycki charakter. Ca\u0142o\u015b\u0107 dorobku artystki stanowi osobisty zapis emocji i zachwytu nad pi\u0119knem otaczaj\u0105cego \u015bwiata.<\/p>\n<p><img loading=\"lazy\" decoding=\"async\" class=\"aligncenter wp-image-1321 size-large\" src=\"http:\/\/biblioteka.panschelm.edu.pl\/wp-content\/uploads\/2026\/03\/Plakat-Ewa-Krol-1024x819.jpg\" alt=\"Plakat - Ewa Kr\u00f3l wystawa malarstwa - 2marca-31 maja 2026\" width=\"767\" height=\"613\" srcset=\"https:\/\/biblioteka.panschelm.edu.pl\/wp-content\/uploads\/2026\/03\/Plakat-Ewa-Krol-1024x819.jpg 1024w, https:\/\/biblioteka.panschelm.edu.pl\/wp-content\/uploads\/2026\/03\/Plakat-Ewa-Krol-300x240.jpg 300w, https:\/\/biblioteka.panschelm.edu.pl\/wp-content\/uploads\/2026\/03\/Plakat-Ewa-Krol-768x614.jpg 768w, https:\/\/biblioteka.panschelm.edu.pl\/wp-content\/uploads\/2026\/03\/Plakat-Ewa-Krol-1536x1229.jpg 1536w, https:\/\/biblioteka.panschelm.edu.pl\/wp-content\/uploads\/2026\/03\/Plakat-Ewa-Krol.jpg 2000w\" sizes=\"auto, (max-width: 767px) 100vw, 767px\" \/><\/p>\n","protected":false},"excerpt":{"rendered":"<p>Biblioteka Pa\u0144stwowej Akademii Nauk Stosowanych w\u00a0Che\u0142mie zaprasza na\u00a0wystaw\u0119 prac malarskich Ewy Kr\u00f3l. Obrazy mo\u017cna obejrze\u0107 w\u00a0siedzibie Biblioteki, przy ulicy Pocztowej 54, w\u00a0dniach od\u00a002.03.2026\u00a0r. do\u00a031.05.2026\u00a0r. w\u00a0godzinach jej otwarcia. Serdecznie zapraszamy! Ewa Kr\u00f3l rysunkiem interesowa\u0142a si\u0119 od\u00a0zawsze. Po\u00a0maturze zamiast wymarzonej architektury sko\u0144czy\u0142a fizyk\u0119 na\u00a0Uniwersytecie Marii Curie-Sk\u0142odowskiej w Lublinie. Przez\u00a0wiele lat uczy\u0142a fizyki w\u00a0Zespole Szk\u00f3\u0142 Budowlanych w\u00a0Che\u0142mie. Jednak [&hellip;]<\/p>\n","protected":false},"author":1,"featured_media":1321,"comment_status":"closed","ping_status":"closed","sticky":false,"template":"","format":"standard","meta":{"footnotes":""},"categories":[2],"tags":[],"class_list":["post-1322","post","type-post","status-publish","format-standard","has-post-thumbnail","hentry","category-news"],"_links":{"self":[{"href":"https:\/\/biblioteka.panschelm.edu.pl\/index.php?rest_route=\/wp\/v2\/posts\/1322","targetHints":{"allow":["GET"]}}],"collection":[{"href":"https:\/\/biblioteka.panschelm.edu.pl\/index.php?rest_route=\/wp\/v2\/posts"}],"about":[{"href":"https:\/\/biblioteka.panschelm.edu.pl\/index.php?rest_route=\/wp\/v2\/types\/post"}],"author":[{"embeddable":true,"href":"https:\/\/biblioteka.panschelm.edu.pl\/index.php?rest_route=\/wp\/v2\/users\/1"}],"replies":[{"embeddable":true,"href":"https:\/\/biblioteka.panschelm.edu.pl\/index.php?rest_route=%2Fwp%2Fv2%2Fcomments&post=1322"}],"version-history":[{"count":1,"href":"https:\/\/biblioteka.panschelm.edu.pl\/index.php?rest_route=\/wp\/v2\/posts\/1322\/revisions"}],"predecessor-version":[{"id":1323,"href":"https:\/\/biblioteka.panschelm.edu.pl\/index.php?rest_route=\/wp\/v2\/posts\/1322\/revisions\/1323"}],"wp:featuredmedia":[{"embeddable":true,"href":"https:\/\/biblioteka.panschelm.edu.pl\/index.php?rest_route=\/wp\/v2\/media\/1321"}],"wp:attachment":[{"href":"https:\/\/biblioteka.panschelm.edu.pl\/index.php?rest_route=%2Fwp%2Fv2%2Fmedia&parent=1322"}],"wp:term":[{"taxonomy":"category","embeddable":true,"href":"https:\/\/biblioteka.panschelm.edu.pl\/index.php?rest_route=%2Fwp%2Fv2%2Fcategories&post=1322"},{"taxonomy":"post_tag","embeddable":true,"href":"https:\/\/biblioteka.panschelm.edu.pl\/index.php?rest_route=%2Fwp%2Fv2%2Ftags&post=1322"}],"curies":[{"name":"wp","href":"https:\/\/api.w.org\/{rel}","templated":true}]}}