{"id":286,"date":"2016-02-18T14:37:57","date_gmt":"2016-02-18T13:37:57","guid":{"rendered":"http:\/\/biblioteka2.pwsz.chelm.pl\/?p=286"},"modified":"2016-02-19T14:22:27","modified_gmt":"2016-02-19T13:22:27","slug":"biblioteka-w-lutym","status":"publish","type":"post","link":"https:\/\/biblioteka.panschelm.edu.pl\/?p=286","title":{"rendered":"Biblioteka w Lutym"},"content":{"rendered":"<p>Uprzejmie zawiadamiamy Czytelnik\u00f3w, \u017ce w dniach <strong>od 1 lutego do 13 lutego<\/strong> zmieniaj\u0105 si\u0119 godziny pracy <strong>Biblioteki G\u0142\u00f3wnej<\/strong>:<\/p>\n<ul>\n<li>Poniedzia\u0142ek: 8.00 &#8211; 15.00<\/li>\n<li>Wtorek: 8.00 &#8211; 16.00<\/li>\n<li>\u015aroda &#8211; Sobota: 8.00 &#8211; 15.00<\/li>\n<\/ul>\n<p><strong>Biblioteka Instytutu Neofilologii<\/strong> w <strong>lutym<\/strong> b\u0119dzie czynna w nast\u0119puj\u0105ce <strong>soboty<\/strong>:<\/p>\n<ul>\n<li>20.02.2010 r &#8211; w godz. 8.00 &#8211; 15.00,<\/li>\n<li>27.02.2010 r.- w godz. 8.00 &#8211; 15.00<\/li>\n<\/ul>\n","protected":false},"excerpt":{"rendered":"<p>Uprzejmie zawiadamiamy Czytelnik\u00f3w, \u017ce w dniach od 1 lutego do 13 lutego zmieniaj\u0105 si\u0119 godziny pracy Biblioteki G\u0142\u00f3wnej: Poniedzia\u0142ek: 8.00 &#8211; 15.00 Wtorek: 8.00 &#8211; 16.00 \u015aroda &#8211; Sobota: 8.00 &#8211; 15.00 Biblioteka Instytutu Neofilologii w lutym b\u0119dzie czynna w nast\u0119puj\u0105ce soboty: 20.02.2010 r &#8211; w godz. 8.00 &#8211; 15.00, 27.02.2010 r.- w godz. 8.00 [&hellip;]<\/p>\n","protected":false},"author":1,"featured_media":0,"comment_status":"closed","ping_status":"closed","sticky":false,"template":"","format":"standard","meta":{"footnotes":""},"categories":[2],"tags":[],"class_list":["post-286","post","type-post","status-publish","format-standard","hentry","category-news"],"_links":{"self":[{"href":"https:\/\/biblioteka.panschelm.edu.pl\/index.php?rest_route=\/wp\/v2\/posts\/286","targetHints":{"allow":["GET"]}}],"collection":[{"href":"https:\/\/biblioteka.panschelm.edu.pl\/index.php?rest_route=\/wp\/v2\/posts"}],"about":[{"href":"https:\/\/biblioteka.panschelm.edu.pl\/index.php?rest_route=\/wp\/v2\/types\/post"}],"author":[{"embeddable":true,"href":"https:\/\/biblioteka.panschelm.edu.pl\/index.php?rest_route=\/wp\/v2\/users\/1"}],"replies":[{"embeddable":true,"href":"https:\/\/biblioteka.panschelm.edu.pl\/index.php?rest_route=%2Fwp%2Fv2%2Fcomments&post=286"}],"version-history":[{"count":1,"href":"https:\/\/biblioteka.panschelm.edu.pl\/index.php?rest_route=\/wp\/v2\/posts\/286\/revisions"}],"predecessor-version":[{"id":287,"href":"https:\/\/biblioteka.panschelm.edu.pl\/index.php?rest_route=\/wp\/v2\/posts\/286\/revisions\/287"}],"wp:attachment":[{"href":"https:\/\/biblioteka.panschelm.edu.pl\/index.php?rest_route=%2Fwp%2Fv2%2Fmedia&parent=286"}],"wp:term":[{"taxonomy":"category","embeddable":true,"href":"https:\/\/biblioteka.panschelm.edu.pl\/index.php?rest_route=%2Fwp%2Fv2%2Fcategories&post=286"},{"taxonomy":"post_tag","embeddable":true,"href":"https:\/\/biblioteka.panschelm.edu.pl\/index.php?rest_route=%2Fwp%2Fv2%2Ftags&post=286"}],"curies":[{"name":"wp","href":"https:\/\/api.w.org\/{rel}","templated":true}]}}