{"id":336,"date":"2016-02-19T11:52:39","date_gmt":"2016-02-19T10:52:39","guid":{"rendered":"http:\/\/biblioteka2.pwsz.chelm.pl\/?p=336"},"modified":"2016-02-19T15:22:26","modified_gmt":"2016-02-19T14:22:26","slug":"dodatkowe-zajecia-z-przysposobienia-bibliotecznego","status":"publish","type":"post","link":"https:\/\/biblioteka.panschelm.edu.pl\/?p=336","title":{"rendered":"Dodatkowe zaj\u0119cia z przysposobienia bibliotecznego"},"content":{"rendered":"<p style=\"text-align: justify;\">Dodatkowe zaj\u0119cia z przysposobienia bibliotecznego( dla os\u00f3b kt\u00f3re nie uczestniczy\u0142y) odb\u0119d\u0105 si\u0119 w Bibliotece G\u0142\u00f3wnej, ul.\u00a0Pocztowa 54,\u00a0w nast\u0119puj\u0105cych terminach:<\/p>\n<p>28.01.2013 r. poniedzia\u0142ek\u00a0 godz. 9.00-10.30 \u2013 mgr Maria Bajko<\/p>\n<p>29.01.2013 r. wtorek , godz. 9.00-10.30 \u2013 mgr Monika Iwaniszczuk<\/p>\n<p>30.01.2013 r. \u015broda, godz. 9.00-10.30 \u2013 mgr Alina Pod\u015bcia\u0144ska<\/p>\n<p>31.01.2013 r. czwartek, godz. 9.00-10.30 \u2013 mgr in\u017c. Krystyna Naklicka<\/p>\n","protected":false},"excerpt":{"rendered":"<p>Dodatkowe zaj\u0119cia z przysposobienia bibliotecznego( dla os\u00f3b kt\u00f3re nie uczestniczy\u0142y) odb\u0119d\u0105 si\u0119 w Bibliotece G\u0142\u00f3wnej, ul.\u00a0Pocztowa 54,\u00a0w nast\u0119puj\u0105cych terminach: 28.01.2013 r. poniedzia\u0142ek\u00a0 godz. 9.00-10.30 \u2013 mgr Maria Bajko 29.01.2013 r. wtorek , godz. 9.00-10.30 \u2013 mgr Monika Iwaniszczuk 30.01.2013 r. \u015broda, godz. 9.00-10.30 \u2013 mgr Alina Pod\u015bcia\u0144ska 31.01.2013 r. czwartek, godz. 9.00-10.30 \u2013 mgr in\u017c. [&hellip;]<\/p>\n","protected":false},"author":1,"featured_media":0,"comment_status":"closed","ping_status":"closed","sticky":false,"template":"","format":"standard","meta":{"footnotes":""},"categories":[2],"tags":[],"class_list":["post-336","post","type-post","status-publish","format-standard","hentry","category-news"],"_links":{"self":[{"href":"https:\/\/biblioteka.panschelm.edu.pl\/index.php?rest_route=\/wp\/v2\/posts\/336","targetHints":{"allow":["GET"]}}],"collection":[{"href":"https:\/\/biblioteka.panschelm.edu.pl\/index.php?rest_route=\/wp\/v2\/posts"}],"about":[{"href":"https:\/\/biblioteka.panschelm.edu.pl\/index.php?rest_route=\/wp\/v2\/types\/post"}],"author":[{"embeddable":true,"href":"https:\/\/biblioteka.panschelm.edu.pl\/index.php?rest_route=\/wp\/v2\/users\/1"}],"replies":[{"embeddable":true,"href":"https:\/\/biblioteka.panschelm.edu.pl\/index.php?rest_route=%2Fwp%2Fv2%2Fcomments&post=336"}],"version-history":[{"count":1,"href":"https:\/\/biblioteka.panschelm.edu.pl\/index.php?rest_route=\/wp\/v2\/posts\/336\/revisions"}],"predecessor-version":[{"id":337,"href":"https:\/\/biblioteka.panschelm.edu.pl\/index.php?rest_route=\/wp\/v2\/posts\/336\/revisions\/337"}],"wp:attachment":[{"href":"https:\/\/biblioteka.panschelm.edu.pl\/index.php?rest_route=%2Fwp%2Fv2%2Fmedia&parent=336"}],"wp:term":[{"taxonomy":"category","embeddable":true,"href":"https:\/\/biblioteka.panschelm.edu.pl\/index.php?rest_route=%2Fwp%2Fv2%2Fcategories&post=336"},{"taxonomy":"post_tag","embeddable":true,"href":"https:\/\/biblioteka.panschelm.edu.pl\/index.php?rest_route=%2Fwp%2Fv2%2Ftags&post=336"}],"curies":[{"name":"wp","href":"https:\/\/api.w.org\/{rel}","templated":true}]}}