{"id":89,"date":"2016-02-18T14:39:58","date_gmt":"2016-02-18T13:39:58","guid":{"rendered":"http:\/\/biblioteka2.pwsz.chelm.pl\/?p=89"},"modified":"2016-02-19T09:28:38","modified_gmt":"2016-02-19T08:28:38","slug":"wystawa-malarstwa-pani-iwonny-drozd-w-bibliotece-pwsz-w-chelmie","status":"publish","type":"post","link":"https:\/\/biblioteka.panschelm.edu.pl\/?p=89","title":{"rendered":"Wystawa malarstwa Pani Iwonny Drozd w Bibliotece PWSZ w Che\u0142mie"},"content":{"rendered":"<p style=\"text-align: justify;\"><img loading=\"lazy\" decoding=\"async\" class=\"wp-image-173 alignright\" src=\"http:\/\/biblioteka2.pwsz.chelm.pl\/wp-content\/uploads\/2016\/02\/iwonnaDrozd-255x300.jpg\" alt=\"iwonnaDrozd\" width=\"341\" height=\"401\" srcset=\"https:\/\/biblioteka.panschelm.edu.pl\/wp-content\/uploads\/2016\/02\/iwonnaDrozd-255x300.jpg 255w, https:\/\/biblioteka.panschelm.edu.pl\/wp-content\/uploads\/2016\/02\/iwonnaDrozd-768x905.jpg 768w, https:\/\/biblioteka.panschelm.edu.pl\/wp-content\/uploads\/2016\/02\/iwonnaDrozd.jpg 800w\" sizes=\"auto, (max-width: 341px) 100vw, 341px\" \/>Zapraszamy na wystaw\u0119 malarstwa <strong>Pani Iwonny Drozd<\/strong> do Biblioteki G\u0142\u00f3wnej PWSZ ul. Pocztowa 54. Wystaw\u0119 mo\u017cna ogl\u0105da\u0107 od poniedzia\u0142ku do soboty w godzinach pracy Biblioteki. Obrazy b\u0119d\u0105 prezentowane do 31 stycznia 2011 r.<\/p>\n<p style=\"text-align: justify;\"><strong>Iwonna, Hanna Drozd<\/strong> z Flur\u00f3w urodzona w Pu\u0142awach ale od uko\u0144czenia studi\u00f3w zwi\u0105zana z Che\u0142mem. Prezes Oddzia\u0142u Che\u0142mskiego Zwi\u0105zku Artyst\u00f3w Plastyk\u00f3w.<\/p>\n<p style=\"text-align: justify;\">Pracuje przewa\u017cnie w technice olejnej. Bra\u0142a udzia\u0142 w wielu plenerach malarskich i w blisko trzydziestu wystawach zbiorowych. Prezentowa\u0142a sw\u00f3j dorobek (170 obraz\u00f3w) na 5 wystawach indywidualnych. Ostatnia mia\u0142a miejsce w czerwcu tego roku w Lubelskim Centrum Konferencyjnym.<\/p>\n<p style=\"text-align: justify;\">Swoje prace przekazuje na aukcje wspieraj\u0105ce dzia\u0142alno\u015b\u0107\u00a0 Hospicjum w Pu\u0142awach i Lublinie oraz che\u0142mskie organizacje nios\u0105ce\u00a0 pomoc rodzinom najubo\u017cszym.<\/p>\n<p style=\"text-align: justify;\">Od Iwonny<\/p>\n<p style=\"text-align: justify;\"><em>\u201eMoje obrazy s\u0105 troszeczk\u0119 jak moje dzieci, trudno si\u0119 z nimi rozsta\u0107 ale jak ju\u017c si\u0119 na to zdecyduj\u0119 to cisz\u0119 si\u0119 t\u0105 rado\u015bci\u0105 kt\u00f3r\u0105 daj\u0105 one ich nowym opiekunom. <\/em><em>W ka\u017cdym z nich jest dobra energia jaka wytwarza si\u0119 w chwilach kiedy, pod wp\u0142ywem wewn\u0119trznej potrzeby bior\u0119 \u00a0do r\u0119ki p\u0119dzel i pozwalam uk\u0142ada\u0107 si\u0119 na p\u0142\u00f3tnie barwnym plamom\u201d<\/em><\/p>\n<p style=\"text-align: justify;\">\n<p style=\"text-align: justify;\">Dzi\u0119kuj\u0119, Teresie Chomik-Kazarian kt\u00f3ra poza talentem, osi\u0105gni\u0119ciami artystycznymi ma dos\u0142ownie pod sk\u00f3r\u0105 dobro \u015brodowiska artystycznego ma wra\u017cliwo\u015b\u0107 i otwarto\u015b\u0107 na drugiego cz\u0142owieka na jego rozterki, potrzeby-ma wreszcie ch\u0119ci, energi\u0119 i determinacj\u0119 aby stwarza\u0107 warunki potrzebne do\u00a0 pracy artyst\u00f3w ich rozwoju i wzajemnych kontakt\u00f3w.<\/p>\n<p style=\"text-align: justify;\">To Ona nauczy\u0142a mnie warsztatu, nauczy\u0142a jak patrze\u0107, jak wyrazi\u0107 na p\u0142\u00f3tnie\u00a0 to co drzemie w moim wn\u0119trzu. Zorganizowa\u0142a pierwsz\u0105 moj\u0105 wystaw\u0119. Ona pozwoli\u0142a zaistnie\u0107 w \u015brodowisku artystycznym Che\u0142ma mnie i Stowarzyszeniu Tw\u00f3rczemu Pasja\u201d, kt\u00f3rego jestem wsp\u00f3\u0142za\u0142o\u017cycielk\u0105 i czynnym cz\u0142onkiem .<\/p>\n<p style=\"text-align: justify;\">Zapraszaj\u0105c mnie na plenery malarskie do \u201eDomu Pracy Tw\u00f3rczej w Uhrze, spowodowa\u0142a, \u017ce zacz\u0119\u0142am si\u0119 rozwija\u0107 jako malarka. Te plenery sta\u0142y si\u0119 moj\u0105 \u201eAkademi\u0105\u201d.<\/p>\n<p style=\"text-align: justify;\">Teresa o mnie<\/p>\n<p style=\"text-align: justify;\"><em>Iwonna, <\/em><em>to malarka ci\u0105gle poszukuj\u0105ca w swych pracach formy, tre\u015bci, barwy a wi\u0119c swojego tropu artystycznego. <\/em><em>Umiej\u0119tnie czerpie z bogatego skarbca impresjonistycznej sztuki. S\u0105 w jej kompozycjach echa\u00a0 Cezanne\u2019a, Matissa, ale te\u017c kubist\u00f3w, abstrakcjonist\u00f3w czy lubelskiej grupy \u201eZamek\u201d.<\/em><\/p>\n<p style=\"text-align: justify;\"><em>W tej palecie nazwisk i styl\u00f3w sublimuje si\u0119 powoli jej w\u0142asny rytm, dojrzewa kreatywno\u015b\u0107 \u015bwiata. Artystka, coraz odwa\u017cniej si\u0119ga po zestawienia kolor\u00f3w kt\u00f3re, cho\u0107by w scenach pejza\u017cowych \u201edziwi\u0105 si\u0119 sobie\u201d. Owo zdziwienie wynika z odwagi tw\u00f3rczej, odkrywania nowych mo\u017cliwo\u015bci jakie jej w\u0142asna wyobra\u017ania i intuicja podpowiada.<\/em><\/p>\n<p style=\"text-align: justify;\"><em>Stylistyczna r\u00f3\u017cnorodno\u015b\u0107 obraz\u00f3w Iwonny stanowi interesuj\u0105c\u0105 dokumentacj\u0119 jej wewn\u0119trznych przemian i zbi\u00f3r dowod\u00f3w na dojrzewanie warsztatu.<\/em><\/p>\n<p style=\"text-align: justify;\"><em>G\u0142\u00f3wne motywy jej obraz\u00f3w to droga i drzewa Symboliczno\u015b\u0107 wielu z nich \u00a0pokazuje, i\u017c malarka czyni z nich barwne metafory ludzkiej egzystencji. Jest w tych kompozycjach samotno\u015b\u0107 i agresywno\u015b\u0107 \u015bwiata, rozkwit i obumieranie jest bezbronno\u015b\u0107 wobec rzeczywisto\u015bci.<\/em><\/p>\n<p style=\"text-align: justify;\"><em>Jedn\u0105 z barw dominuj\u0105cych w szeregu kompozycji jest czerwie\u0144- symbol natchnienia, mi\u0142o\u015bci, ognia. To barwa uczu\u0107 i destrukcji jednocze\u015bnie. Mimo urody jak\u0105 objawia \u015bwiat, zw\u0142aszcza w obrazach pejza\u017cowych \u00a0przenikni\u0119tych s\u0142o\u0144cem, malarka umieszcza plamy granatu czasem czerni. W ten spos\u00f3b w pozornie spokojnym obrazie, przy jego g\u0142\u0119bszej analizie ujawniaj\u0105 si\u0119 pierwiastki niepokoju, tajemniczo\u015bci nawet lub wr\u0119cz bywa to ostrze\u017cenie przed kryj\u0105cym si\u0119\u00a0 z\u0142em.<\/em><\/p>\n<p style=\"text-align: justify;\"><em>W tych kolorystycznych zabiegach ujawnia si\u0119 u Iwonny umiej\u0119tno\u015b\u0107 zawierania w obrazach wspomnianej ju\u017c symboliki. Tym samym nabieraj\u0105 one g\u0142\u0119bokich \u00a0tre\u015bci, staj\u0105 si\u0119 form\u0105 dyskursu malarki z\u201d czasem, w kt\u00f3rym \u017cyj\u201de.<\/em><\/p>\n<p style=\"text-align: justify;\">\n<p style=\"text-align: justify;\"><em>To kolor i forma tworz\u0105 kompozycje, gdzie ko\u0144czy si\u0119 opowie\u015b\u0107 zaczyna si\u0119 sztuka\u2026<\/em><\/p>\n<p style=\"text-align: justify;\"><em><strong>Teresa Chomik-Kazarian<\/strong><\/em><\/p>\n","protected":false},"excerpt":{"rendered":"<p>Zapraszamy na wystaw\u0119 malarstwa Pani Iwonny Drozd do Biblioteki G\u0142\u00f3wnej PWSZ ul. Pocztowa 54. Wystaw\u0119 mo\u017cna ogl\u0105da\u0107 od poniedzia\u0142ku do soboty w godzinach pracy Biblioteki. Obrazy b\u0119d\u0105 prezentowane do 31 stycznia 2011 r. Iwonna, Hanna Drozd z Flur\u00f3w urodzona w Pu\u0142awach ale od uko\u0144czenia studi\u00f3w zwi\u0105zana z Che\u0142mem. Prezes Oddzia\u0142u Che\u0142mskiego Zwi\u0105zku Artyst\u00f3w Plastyk\u00f3w. Pracuje [&hellip;]<\/p>\n","protected":false},"author":1,"featured_media":0,"comment_status":"closed","ping_status":"closed","sticky":false,"template":"","format":"standard","meta":{"footnotes":""},"categories":[2],"tags":[],"class_list":["post-89","post","type-post","status-publish","format-standard","hentry","category-news"],"_links":{"self":[{"href":"https:\/\/biblioteka.panschelm.edu.pl\/index.php?rest_route=\/wp\/v2\/posts\/89","targetHints":{"allow":["GET"]}}],"collection":[{"href":"https:\/\/biblioteka.panschelm.edu.pl\/index.php?rest_route=\/wp\/v2\/posts"}],"about":[{"href":"https:\/\/biblioteka.panschelm.edu.pl\/index.php?rest_route=\/wp\/v2\/types\/post"}],"author":[{"embeddable":true,"href":"https:\/\/biblioteka.panschelm.edu.pl\/index.php?rest_route=\/wp\/v2\/users\/1"}],"replies":[{"embeddable":true,"href":"https:\/\/biblioteka.panschelm.edu.pl\/index.php?rest_route=%2Fwp%2Fv2%2Fcomments&post=89"}],"version-history":[{"count":4,"href":"https:\/\/biblioteka.panschelm.edu.pl\/index.php?rest_route=\/wp\/v2\/posts\/89\/revisions"}],"predecessor-version":[{"id":175,"href":"https:\/\/biblioteka.panschelm.edu.pl\/index.php?rest_route=\/wp\/v2\/posts\/89\/revisions\/175"}],"wp:attachment":[{"href":"https:\/\/biblioteka.panschelm.edu.pl\/index.php?rest_route=%2Fwp%2Fv2%2Fmedia&parent=89"}],"wp:term":[{"taxonomy":"category","embeddable":true,"href":"https:\/\/biblioteka.panschelm.edu.pl\/index.php?rest_route=%2Fwp%2Fv2%2Fcategories&post=89"},{"taxonomy":"post_tag","embeddable":true,"href":"https:\/\/biblioteka.panschelm.edu.pl\/index.php?rest_route=%2Fwp%2Fv2%2Ftags&post=89"}],"curies":[{"name":"wp","href":"https:\/\/api.w.org\/{rel}","templated":true}]}}